{"id":183,"date":"2026-08-04T17:27:43","date_gmt":"2026-08-04T15:27:43","guid":{"rendered":"https:\/\/projected.dev03.weborigo.eu\/2026\/08\/04\/generalkivitelezo-vagy-sajat-koordinacio\/"},"modified":"2026-09-01T10:42:30","modified_gmt":"2026-09-01T08:42:30","slug":"generalkivitelezo-vagy-sajat-koordinacio","status":"publish","type":"post","link":"https:\/\/projected.dev03.weborigo.eu\/en\/generalkivitelezo-vagy-sajat-koordinacio\/","title":{"rendered":"Gener\u00e1lkivitelez\u0151 vagy saj\u00e1t koordin\u00e1ci\u00f3? N\u00e9gy szempont a d\u00f6nt\u00e9shez"},"content":{"rendered":"<p>A beruh\u00e1z\u00f3k egyik els\u0151 d\u00f6nt\u00e9se, hogy egyetlen gener\u00e1lkivitelez\u0151re b\u00edzz\u00e1k-e a munk\u00e1t, vagy szak\u00e1gakra bontva, saj\u00e1t koordin\u00e1ci\u00f3val haladnak. Mindkett\u0151nek megvan a helye.<\/p>\n<h2>1. Mennyi ideje van r\u00e1?<\/h2>\n<p>A szak\u00e1gank\u00e9nti bont\u00e1s olcs\u00f3bb lehet, de napi szint\u0171 jelenl\u00e9tet k\u00edv\u00e1n. Ha a beruh\u00e1z\u00f3nak erre nincs kapacit\u00e1sa, a megtakar\u00edt\u00e1s elolvad a cs\u00fasz\u00e1sokban.<\/p>\n<h2>2. Mennyire kiforrott a terv?<\/h2>\n<p>V\u00e1ltoz\u00f3 m\u0171szaki tartalom mellett a gener\u00e1lkivitelez\u0151i szerz\u0151d\u00e9s minden m\u00f3dos\u00edt\u00e1sa p\u00f3tmunka. Stabil terv eset\u00e9n viszont pont a gener\u00e1l a biztons\u00e1gosabb.<\/p>\n<h2>3. Ki viseli a kock\u00e1zatot?<\/h2>\n<p>Gener\u00e1l eset\u00e9n az \u00f6sszehangol\u00e1s kock\u00e1zata a kivitelez\u0151\u00e9. Saj\u00e1t koordin\u00e1ci\u00f3 eset\u00e9n a beruh\u00e1z\u00f3\u00e9 \u2013 ez\u00e9rt kell mell\u00e9 szakmai h\u00e1tt\u00e9r.<\/p>\n<h2>4. Mekkora a projekt?<\/h2>\n<p>N\u00e9h\u00e1ny sz\u00e1z n\u00e9gyzetm\u00e9ter alatt a saj\u00e1t koordin\u00e1ci\u00f3 gyakran re\u00e1lis. A t\u00f6bb ezer n\u00e9gyzetm\u00e9teres l\u00e9pt\u00e9kn\u00e9l a szerepl\u0151k sz\u00e1ma \u00f6nmag\u00e1ban indokolja a gener\u00e1lt.<\/p>\n<p>Ha a n\u00e9gy k\u00e9rd\u00e9s ut\u00e1n sem egy\u00e9rtelm\u0171 a k\u00e9p, \u00e9rdemes egy k\u00fcls\u0151 szemmel \u00e1tn\u00e9zetni. Mi mindk\u00e9t fel\u00e1ll\u00e1sban dolgoztunk m\u00e1r, \u00e9s sz\u00edvesen elmondjuk, melyik mit jelentene az \u00d6n projektj\u00e9ben.<\/p>","protected":false},"excerpt":{"rendered":"<p>Nincs univerz\u00e1lisan j\u00f3 v\u00e1lasz. Van viszont n\u00e9gy k\u00e9rd\u00e9s, amire ha \u0151szint\u00e9n v\u00e1laszol, a d\u00f6nt\u00e9s mag\u00e1t\u00f3l ad\u00f3dik.<\/p>","protected":false},"author":1,"featured_media":145,"comment_status":"closed","ping_status":"closed","sticky":false,"template":"","format":"standard","meta":{"footnotes":""},"categories":[1],"tags":[],"class_list":["post-183","post","type-post","status-publish","format-standard","has-post-thumbnail","hentry","category-egyeb"],"yoast_head":"<!-- This site is optimized with the Yoast SEO plugin v28.0 - https:\/\/yoast.com\/product\/yoast-seo-wordpress\/ -->\n<title>Gener\u00e1lkivitelez\u0151 vagy saj\u00e1t koordin\u00e1ci\u00f3? N\u00e9gy szempont a d\u00f6nt\u00e9shez - PROJECTED<\/title>\n<meta name=\"robots\" content=\"index, follow, max-snippet:-1, max-image-preview:large, max-video-preview:-1\" \/>\n<link rel=\"canonical\" href=\"https:\/\/projected.dev03.weborigo.eu\/en\/generalkivitelezo-vagy-sajat-koordinacio\/\" \/>\n<meta property=\"og:locale\" content=\"en_US\" \/>\n<meta property=\"og:type\" content=\"article\" \/>\n<meta property=\"og:title\" content=\"Gener\u00e1lkivitelez\u0151 vagy saj\u00e1t koordin\u00e1ci\u00f3? N\u00e9gy szempont a d\u00f6nt\u00e9shez - PROJECTED\" \/>\n<meta property=\"og:description\" content=\"Nincs univerz\u00e1lisan j\u00f3 v\u00e1lasz. Van viszont n\u00e9gy k\u00e9rd\u00e9s, amire ha \u0151szint\u00e9n v\u00e1laszol, a d\u00f6nt\u00e9s mag\u00e1t\u00f3l ad\u00f3dik.\" \/>\n<meta property=\"og:url\" content=\"https:\/\/projected.dev03.weborigo.eu\/en\/generalkivitelezo-vagy-sajat-koordinacio\/\" \/>\n<meta property=\"og:site_name\" content=\"PROJECTED\" \/>\n<meta property=\"article:published_time\" content=\"2026-08-04T15:27:43+00:00\" \/>\n<meta property=\"article:modified_time\" content=\"2026-09-01T08:42:30+00:00\" \/>\n<meta property=\"og:image\" content=\"https:\/\/projected.dev03.weborigo.eu\/wp-content\/uploads\/2026\/08\/blog-1.webp\" \/>\n\t<meta property=\"og:image:width\" content=\"1200\" \/>\n\t<meta property=\"og:image:height\" content=\"900\" \/>\n\t<meta property=\"og:image:type\" content=\"image\/webp\" \/>\n<meta name=\"author\" content=\"wo_admin\" \/>\n<meta name=\"twitter:card\" content=\"summary_large_image\" \/>\n<meta name=\"twitter:label1\" content=\"Written by\" \/>\n\t<meta name=\"twitter:data1\" content=\"wo_admin\" \/>\n\t<meta name=\"twitter:label2\" content=\"Est. reading time\" \/>\n\t<meta name=\"twitter:data2\" content=\"1 minute\" \/>\n<script type=\"application\/ld+json\" class=\"yoast-schema-graph\">{\"@context\":\"https:\\\/\\\/schema.org\",\"@graph\":[{\"@type\":\"Article\",\"@id\":\"https:\\\/\\\/projected.dev03.weborigo.eu\\\/generalkivitelezo-vagy-sajat-koordinacio\\\/#article\",\"isPartOf\":{\"@id\":\"https:\\\/\\\/projected.dev03.weborigo.eu\\\/generalkivitelezo-vagy-sajat-koordinacio\\\/\"},\"author\":{\"name\":\"wo_admin\",\"@id\":\"https:\\\/\\\/projected.dev03.weborigo.eu\\\/#\\\/schema\\\/person\\\/67dd9e9fd208e3e05e3b1786b8d89dee\"},\"headline\":\"Gener\u00e1lkivitelez\u0151 vagy saj\u00e1t koordin\u00e1ci\u00f3? N\u00e9gy szempont a d\u00f6nt\u00e9shez\",\"datePublished\":\"2026-08-04T15:27:43+00:00\",\"dateModified\":\"2026-09-01T08:42:30+00:00\",\"mainEntityOfPage\":{\"@id\":\"https:\\\/\\\/projected.dev03.weborigo.eu\\\/generalkivitelezo-vagy-sajat-koordinacio\\\/\"},\"wordCount\":241,\"image\":{\"@id\":\"https:\\\/\\\/projected.dev03.weborigo.eu\\\/generalkivitelezo-vagy-sajat-koordinacio\\\/#primaryimage\"},\"thumbnailUrl\":\"https:\\\/\\\/projected.dev03.weborigo.eu\\\/wp-content\\\/uploads\\\/2026\\\/08\\\/blog-1.webp\",\"articleSection\":[\"Egy\u00e9b\"],\"inLanguage\":\"en-US\"},{\"@type\":\"WebPage\",\"@id\":\"https:\\\/\\\/projected.dev03.weborigo.eu\\\/generalkivitelezo-vagy-sajat-koordinacio\\\/\",\"url\":\"https:\\\/\\\/projected.dev03.weborigo.eu\\\/generalkivitelezo-vagy-sajat-koordinacio\\\/\",\"name\":\"Gener\u00e1lkivitelez\u0151 vagy saj\u00e1t koordin\u00e1ci\u00f3? N\u00e9gy szempont a d\u00f6nt\u00e9shez - PROJECTED\",\"isPartOf\":{\"@id\":\"https:\\\/\\\/projected.dev03.weborigo.eu\\\/#website\"},\"primaryImageOfPage\":{\"@id\":\"https:\\\/\\\/projected.dev03.weborigo.eu\\\/generalkivitelezo-vagy-sajat-koordinacio\\\/#primaryimage\"},\"image\":{\"@id\":\"https:\\\/\\\/projected.dev03.weborigo.eu\\\/generalkivitelezo-vagy-sajat-koordinacio\\\/#primaryimage\"},\"thumbnailUrl\":\"https:\\\/\\\/projected.dev03.weborigo.eu\\\/wp-content\\\/uploads\\\/2026\\\/08\\\/blog-1.webp\",\"datePublished\":\"2026-08-04T15:27:43+00:00\",\"dateModified\":\"2026-09-01T08:42:30+00:00\",\"author\":{\"@id\":\"https:\\\/\\\/projected.dev03.weborigo.eu\\\/#\\\/schema\\\/person\\\/67dd9e9fd208e3e05e3b1786b8d89dee\"},\"breadcrumb\":{\"@id\":\"https:\\\/\\\/projected.dev03.weborigo.eu\\\/generalkivitelezo-vagy-sajat-koordinacio\\\/#breadcrumb\"},\"inLanguage\":\"en-US\",\"potentialAction\":[{\"@type\":\"ReadAction\",\"target\":[\"https:\\\/\\\/projected.dev03.weborigo.eu\\\/generalkivitelezo-vagy-sajat-koordinacio\\\/\"]}]},{\"@type\":\"ImageObject\",\"inLanguage\":\"en-US\",\"@id\":\"https:\\\/\\\/projected.dev03.weborigo.eu\\\/generalkivitelezo-vagy-sajat-koordinacio\\\/#primaryimage\",\"url\":\"https:\\\/\\\/projected.dev03.weborigo.eu\\\/wp-content\\\/uploads\\\/2026\\\/08\\\/blog-1.webp\",\"contentUrl\":\"https:\\\/\\\/projected.dev03.weborigo.eu\\\/wp-content\\\/uploads\\\/2026\\\/08\\\/blog-1.webp\",\"width\":1200,\"height\":900,\"caption\":\"\u00c9p\u00edt\u00e9si dokument\u00e1ci\u00f3 az asztalon\"},{\"@type\":\"BreadcrumbList\",\"@id\":\"https:\\\/\\\/projected.dev03.weborigo.eu\\\/generalkivitelezo-vagy-sajat-koordinacio\\\/#breadcrumb\",\"itemListElement\":[{\"@type\":\"ListItem\",\"position\":1,\"name\":\"Kezd\u0151lap\",\"item\":\"https:\\\/\\\/projected.dev03.weborigo.eu\\\/\"},{\"@type\":\"ListItem\",\"position\":2,\"name\":\"Gener\u00e1lkivitelez\u0151 vagy saj\u00e1t koordin\u00e1ci\u00f3? N\u00e9gy szempont a d\u00f6nt\u00e9shez\"}]},{\"@type\":\"WebSite\",\"@id\":\"https:\\\/\\\/projected.dev03.weborigo.eu\\\/#website\",\"url\":\"https:\\\/\\\/projected.dev03.weborigo.eu\\\/\",\"name\":\"PROJECTED\",\"description\":\"Projekt-el\u0151k\u00e9sz\u00edt\u00e9s, projektmenedzsment \u00e9s m\u0171szaki ellen\u0151rz\u00e9s\",\"potentialAction\":[{\"@type\":\"SearchAction\",\"target\":{\"@type\":\"EntryPoint\",\"urlTemplate\":\"https:\\\/\\\/projected.dev03.weborigo.eu\\\/?s={search_term_string}\"},\"query-input\":{\"@type\":\"PropertyValueSpecification\",\"valueRequired\":true,\"valueName\":\"search_term_string\"}}],\"inLanguage\":\"en-US\"},{\"@type\":\"Person\",\"@id\":\"https:\\\/\\\/projected.dev03.weborigo.eu\\\/#\\\/schema\\\/person\\\/67dd9e9fd208e3e05e3b1786b8d89dee\",\"name\":\"wo_admin\",\"image\":{\"@type\":\"ImageObject\",\"inLanguage\":\"en-US\",\"@id\":\"https:\\\/\\\/secure.gravatar.com\\\/avatar\\\/9bc450c0faaaade4725460e1d16ad68b86c05f816c5607aee61e67914e104701?s=96&d=mm&r=g\",\"url\":\"https:\\\/\\\/secure.gravatar.com\\\/avatar\\\/9bc450c0faaaade4725460e1d16ad68b86c05f816c5607aee61e67914e104701?s=96&d=mm&r=g\",\"contentUrl\":\"https:\\\/\\\/secure.gravatar.com\\\/avatar\\\/9bc450c0faaaade4725460e1d16ad68b86c05f816c5607aee61e67914e104701?s=96&d=mm&r=g\",\"caption\":\"wo_admin\"},\"sameAs\":[\"https:\\\/\\\/projected.dev03.weborigo.eu\"],\"url\":\"https:\\\/\\\/projected.dev03.weborigo.eu\\\/en\\\/author\\\/wo_admin\\\/\"}]}<\/script>\n<!-- \/ Yoast SEO plugin. -->","yoast_head_json":{"title":"Gener\u00e1lkivitelez\u0151 vagy saj\u00e1t koordin\u00e1ci\u00f3? N\u00e9gy szempont a d\u00f6nt\u00e9shez - PROJECTED","robots":{"index":"index","follow":"follow","max-snippet":"max-snippet:-1","max-image-preview":"max-image-preview:large","max-video-preview":"max-video-preview:-1"},"canonical":"https:\/\/projected.dev03.weborigo.eu\/en\/generalkivitelezo-vagy-sajat-koordinacio\/","og_locale":"en_US","og_type":"article","og_title":"Gener\u00e1lkivitelez\u0151 vagy saj\u00e1t koordin\u00e1ci\u00f3? N\u00e9gy szempont a d\u00f6nt\u00e9shez - PROJECTED","og_description":"Nincs univerz\u00e1lisan j\u00f3 v\u00e1lasz. Van viszont n\u00e9gy k\u00e9rd\u00e9s, amire ha \u0151szint\u00e9n v\u00e1laszol, a d\u00f6nt\u00e9s mag\u00e1t\u00f3l ad\u00f3dik.","og_url":"https:\/\/projected.dev03.weborigo.eu\/en\/generalkivitelezo-vagy-sajat-koordinacio\/","og_site_name":"PROJECTED","article_published_time":"2026-08-04T15:27:43+00:00","article_modified_time":"2026-09-01T08:42:30+00:00","og_image":[{"width":1200,"height":900,"url":"https:\/\/projected.dev03.weborigo.eu\/wp-content\/uploads\/2026\/08\/blog-1.webp","type":"image\/webp"}],"author":"wo_admin","twitter_card":"summary_large_image","twitter_misc":{"Written by":"wo_admin","Est. reading time":"1 minute"},"schema":{"@context":"https:\/\/schema.org","@graph":[{"@type":"Article","@id":"https:\/\/projected.dev03.weborigo.eu\/generalkivitelezo-vagy-sajat-koordinacio\/#article","isPartOf":{"@id":"https:\/\/projected.dev03.weborigo.eu\/generalkivitelezo-vagy-sajat-koordinacio\/"},"author":{"name":"wo_admin","@id":"https:\/\/projected.dev03.weborigo.eu\/#\/schema\/person\/67dd9e9fd208e3e05e3b1786b8d89dee"},"headline":"Gener\u00e1lkivitelez\u0151 vagy saj\u00e1t koordin\u00e1ci\u00f3? N\u00e9gy szempont a d\u00f6nt\u00e9shez","datePublished":"2026-08-04T15:27:43+00:00","dateModified":"2026-09-01T08:42:30+00:00","mainEntityOfPage":{"@id":"https:\/\/projected.dev03.weborigo.eu\/generalkivitelezo-vagy-sajat-koordinacio\/"},"wordCount":241,"image":{"@id":"https:\/\/projected.dev03.weborigo.eu\/generalkivitelezo-vagy-sajat-koordinacio\/#primaryimage"},"thumbnailUrl":"https:\/\/projected.dev03.weborigo.eu\/wp-content\/uploads\/2026\/08\/blog-1.webp","articleSection":["Egy\u00e9b"],"inLanguage":"en-US"},{"@type":"WebPage","@id":"https:\/\/projected.dev03.weborigo.eu\/generalkivitelezo-vagy-sajat-koordinacio\/","url":"https:\/\/projected.dev03.weborigo.eu\/generalkivitelezo-vagy-sajat-koordinacio\/","name":"Gener\u00e1lkivitelez\u0151 vagy saj\u00e1t koordin\u00e1ci\u00f3? N\u00e9gy szempont a d\u00f6nt\u00e9shez - PROJECTED","isPartOf":{"@id":"https:\/\/projected.dev03.weborigo.eu\/#website"},"primaryImageOfPage":{"@id":"https:\/\/projected.dev03.weborigo.eu\/generalkivitelezo-vagy-sajat-koordinacio\/#primaryimage"},"image":{"@id":"https:\/\/projected.dev03.weborigo.eu\/generalkivitelezo-vagy-sajat-koordinacio\/#primaryimage"},"thumbnailUrl":"https:\/\/projected.dev03.weborigo.eu\/wp-content\/uploads\/2026\/08\/blog-1.webp","datePublished":"2026-08-04T15:27:43+00:00","dateModified":"2026-09-01T08:42:30+00:00","author":{"@id":"https:\/\/projected.dev03.weborigo.eu\/#\/schema\/person\/67dd9e9fd208e3e05e3b1786b8d89dee"},"breadcrumb":{"@id":"https:\/\/projected.dev03.weborigo.eu\/generalkivitelezo-vagy-sajat-koordinacio\/#breadcrumb"},"inLanguage":"en-US","potentialAction":[{"@type":"ReadAction","target":["https:\/\/projected.dev03.weborigo.eu\/generalkivitelezo-vagy-sajat-koordinacio\/"]}]},{"@type":"ImageObject","inLanguage":"en-US","@id":"https:\/\/projected.dev03.weborigo.eu\/generalkivitelezo-vagy-sajat-koordinacio\/#primaryimage","url":"https:\/\/projected.dev03.weborigo.eu\/wp-content\/uploads\/2026\/08\/blog-1.webp","contentUrl":"https:\/\/projected.dev03.weborigo.eu\/wp-content\/uploads\/2026\/08\/blog-1.webp","width":1200,"height":900,"caption":"\u00c9p\u00edt\u00e9si dokument\u00e1ci\u00f3 az asztalon"},{"@type":"BreadcrumbList","@id":"https:\/\/projected.dev03.weborigo.eu\/generalkivitelezo-vagy-sajat-koordinacio\/#breadcrumb","itemListElement":[{"@type":"ListItem","position":1,"name":"Kezd\u0151lap","item":"https:\/\/projected.dev03.weborigo.eu\/"},{"@type":"ListItem","position":2,"name":"Gener\u00e1lkivitelez\u0151 vagy saj\u00e1t koordin\u00e1ci\u00f3? N\u00e9gy szempont a d\u00f6nt\u00e9shez"}]},{"@type":"WebSite","@id":"https:\/\/projected.dev03.weborigo.eu\/#website","url":"https:\/\/projected.dev03.weborigo.eu\/","name":"PROJECTED","description":"Projekt-el\u0151k\u00e9sz\u00edt\u00e9s, projektmenedzsment \u00e9s m\u0171szaki ellen\u0151rz\u00e9s","potentialAction":[{"@type":"SearchAction","target":{"@type":"EntryPoint","urlTemplate":"https:\/\/projected.dev03.weborigo.eu\/?s={search_term_string}"},"query-input":{"@type":"PropertyValueSpecification","valueRequired":true,"valueName":"search_term_string"}}],"inLanguage":"en-US"},{"@type":"Person","@id":"https:\/\/projected.dev03.weborigo.eu\/#\/schema\/person\/67dd9e9fd208e3e05e3b1786b8d89dee","name":"wo_admin","image":{"@type":"ImageObject","inLanguage":"en-US","@id":"https:\/\/secure.gravatar.com\/avatar\/9bc450c0faaaade4725460e1d16ad68b86c05f816c5607aee61e67914e104701?s=96&d=mm&r=g","url":"https:\/\/secure.gravatar.com\/avatar\/9bc450c0faaaade4725460e1d16ad68b86c05f816c5607aee61e67914e104701?s=96&d=mm&r=g","contentUrl":"https:\/\/secure.gravatar.com\/avatar\/9bc450c0faaaade4725460e1d16ad68b86c05f816c5607aee61e67914e104701?s=96&d=mm&r=g","caption":"wo_admin"},"sameAs":["https:\/\/projected.dev03.weborigo.eu"],"url":"https:\/\/projected.dev03.weborigo.eu\/en\/author\/wo_admin\/"}]}},"_links":{"self":[{"href":"https:\/\/projected.dev03.weborigo.eu\/en\/wp-json\/wp\/v2\/posts\/183","targetHints":{"allow":["GET"]}}],"collection":[{"href":"https:\/\/projected.dev03.weborigo.eu\/en\/wp-json\/wp\/v2\/posts"}],"about":[{"href":"https:\/\/projected.dev03.weborigo.eu\/en\/wp-json\/wp\/v2\/types\/post"}],"author":[{"embeddable":true,"href":"https:\/\/projected.dev03.weborigo.eu\/en\/wp-json\/wp\/v2\/users\/1"}],"replies":[{"embeddable":true,"href":"https:\/\/projected.dev03.weborigo.eu\/en\/wp-json\/wp\/v2\/comments?post=183"}],"version-history":[{"count":1,"href":"https:\/\/projected.dev03.weborigo.eu\/en\/wp-json\/wp\/v2\/posts\/183\/revisions"}],"predecessor-version":[{"id":220,"href":"https:\/\/projected.dev03.weborigo.eu\/en\/wp-json\/wp\/v2\/posts\/183\/revisions\/220"}],"wp:featuredmedia":[{"embeddable":true,"href":"https:\/\/projected.dev03.weborigo.eu\/en\/wp-json\/wp\/v2\/media\/145"}],"wp:attachment":[{"href":"https:\/\/projected.dev03.weborigo.eu\/en\/wp-json\/wp\/v2\/media?parent=183"}],"wp:term":[{"taxonomy":"category","embeddable":true,"href":"https:\/\/projected.dev03.weborigo.eu\/en\/wp-json\/wp\/v2\/categories?post=183"},{"taxonomy":"post_tag","embeddable":true,"href":"https:\/\/projected.dev03.weborigo.eu\/en\/wp-json\/wp\/v2\/tags?post=183"}],"curies":[{"name":"wp","href":"https:\/\/api.w.org\/{rel}","templated":true}]}}